{"id":381,"date":"2025-08-04T12:00:00","date_gmt":"2025-08-04T10:00:00","guid":{"rendered":"https:\/\/anton-bader.de\/?p=381"},"modified":"2025-08-19T11:03:01","modified_gmt":"2025-08-19T09:03:01","slug":"mit-dem-kanu-durchs-eselsburger-tal","status":"publish","type":"post","link":"https:\/\/anton-bader.de\/wp\/2025\/08\/04\/mit-dem-kanu-durchs-eselsburger-tal\/","title":{"rendered":"Mit dem Kanu durchs Eselsburger Tal"},"content":{"rendered":"\n<p>Das Eselsburger Tal im Herzen der Schw\u00e4bischen Alb ist ein wahres Naturparadies \u2013 und wer es nicht nur zu Fu\u00df oder mit dem Fahrrad, sondern vom Wasser aus erleben m\u00f6chte, entdeckt eine v\u00f6llig neue Perspektive. Eine Kanutour auf der Brenz, die sich hier mal ruhig, mal lebendig durch die Landschaft schl\u00e4ngelt, geh\u00f6rt zu den eindrucksvollsten M\u00f6glichkeiten, diese idyllische Region kennenzulernen.<\/p>\n\n\n\n<p><strong>Ein Naturjuwel zwischen Felsen und Wiesen<\/strong><\/p>\n\n\n\n<p>Zwischen Herbrechtingen und Eselsburg zieht sich das Tal durch eine abwechslungsreiche Landschaft: steile Jurafelsen, bl\u00fchende Wiesen, stille Auen und lichte W\u00e4lder begleiten den Flusslauf der Brenz. Besonders markant sind die beiden gro\u00dfen Felsformationen Steinerne Jungfrauen, die mit ihrer mystischen Form schon seit Jahrhunderten die Fantasie befl\u00fcgeln.<\/p>\n\n\n\n<figure class=\"wp-block-image size-large\"><img loading=\"lazy\" decoding=\"async\" width=\"1024\" height=\"576\" src=\"https:\/\/anton-bader.de\/wp-content\/uploads\/2025\/08\/PXL_20250803_1022083672-1024x576.jpg\" alt=\"\" class=\"wp-image-383\" srcset=\"https:\/\/anton-bader.de\/wp\/wp-content\/uploads\/2025\/08\/PXL_20250803_1022083672-1024x576.jpg 1024w, https:\/\/anton-bader.de\/wp\/wp-content\/uploads\/2025\/08\/PXL_20250803_1022083672-300x169.jpg 300w, https:\/\/anton-bader.de\/wp\/wp-content\/uploads\/2025\/08\/PXL_20250803_1022083672-768x432.jpg 768w, https:\/\/anton-bader.de\/wp\/wp-content\/uploads\/2025\/08\/PXL_20250803_1022083672-1536x864.jpg 1536w, https:\/\/anton-bader.de\/wp\/wp-content\/uploads\/2025\/08\/PXL_20250803_1022083672-2048x1152.jpg 2048w, https:\/\/anton-bader.de\/wp\/wp-content\/uploads\/2025\/08\/PXL_20250803_1022083672-1920x1080.jpg 1920w\" sizes=\"(max-width: 1024px) 100vw, 1024px\" \/><\/figure>\n\n\n\n<p>Wer mit dem Kanu unterwegs ist, hat den Vorteil, all diese Sch\u00f6nheiten in Ruhe an sich vorbeiziehen zu lassen. W\u00e4hrend Wanderer auf den Wegen oberhalb unterwegs sind, gleitet man selbst fast lautlos durch die gr\u00fcne Kulisse.<\/p>\n\n\n\n<p><strong>Paddeln f\u00fcr Genie\u00dfer<\/strong><\/p>\n\n\n\n<p>Die Brenz ist in diesem Abschnitt eher gem\u00e4chlich und damit auch f\u00fcr Anf\u00e4nger bestens geeignet. Familien mit Kindern k\u00f6nnen hier genauso unterwegs sein wie ge\u00fcbte Paddler, die eine entspannte Auszeit suchen. Mit etwas Gl\u00fcck entdeckt man sogar Nutria oder andere Tiere entlang des Flusses.<\/p>\n\n\n\n<figure class=\"wp-block-image size-large\"><img loading=\"lazy\" decoding=\"async\" width=\"1024\" height=\"576\" src=\"https:\/\/anton-bader.de\/wp-content\/uploads\/2025\/08\/PXL_20250803_0909126132-1024x576.jpg\" alt=\"\" class=\"wp-image-384\" srcset=\"https:\/\/anton-bader.de\/wp\/wp-content\/uploads\/2025\/08\/PXL_20250803_0909126132-1024x576.jpg 1024w, https:\/\/anton-bader.de\/wp\/wp-content\/uploads\/2025\/08\/PXL_20250803_0909126132-300x169.jpg 300w, https:\/\/anton-bader.de\/wp\/wp-content\/uploads\/2025\/08\/PXL_20250803_0909126132-768x432.jpg 768w, https:\/\/anton-bader.de\/wp\/wp-content\/uploads\/2025\/08\/PXL_20250803_0909126132-1536x864.jpg 1536w, https:\/\/anton-bader.de\/wp\/wp-content\/uploads\/2025\/08\/PXL_20250803_0909126132-2048x1152.jpg 2048w, https:\/\/anton-bader.de\/wp\/wp-content\/uploads\/2025\/08\/PXL_20250803_0909126132-1920x1080.jpg 1920w\" sizes=\"(max-width: 1024px) 100vw, 1024px\" \/><\/figure>\n\n\n\n<p><strong>Wanderfahrt des G\u00fcnzburger Kanuclubs<\/strong><\/p>\n\n\n\n<p>Am 03. August unternahm der G\u00fcnzburger Kanuclub e.V. wieder einmal eine Wanderfahrt durch das Eselsburger Tal. Eingestiegen wurde an der Stra\u00dfenbr\u00fccke Anhauser Stra\u00dfe \u00fcber die Brenz, das Ziel war der Ausstiegsplatz in Herbrechtingen. Dort gibt es ein St\u00fcck vor dem Wehr einen offiziellen Ausstieg.<\/p>\n\n\n\n<p>Zum Parken muss man ein kleines St\u00fcck entfernt auf \u00f6ffentliche Parkpl\u00e4tze ausweichen, direkt am Ausstieg ist es nicht m\u00f6glich. Zum Beladen der Boote darf man aber kurz zum Ausstiegsplatz fahren.<\/p>\n\n\n\n<p>Auf der Strecke liegt au\u00dferdem ein Wehr, das normalerweise umtragen werden muss. Je nach Wasserstand und nach genauer Besichtigung ist es mit einem Wildwasserboot zwar befahrbar \u2013 eine Empfehlung soll das aber ausdr\u00fccklich nicht sein. <\/p>\n\n\n\n\n\n<p>Bei dieser Wanderfahrt musste unsere Gruppe schon vor dem Wehr ein ganzes St\u00fcck fr\u00fcher aussteigen, da quer \u00fcber die Brenz ein sogenannter Krautrechen installiert war, um nach dem Entkrauten des Flusses das Treibgut aufzuhalten. Die Boote mussten deshalb an Land getragen und die Fahrt unterhalb fortgesetzt werden \u2013 eine kleine Zusatzaufgabe, die zur Tour dazugeh\u00f6rt.<\/p>\n\n\n<div class=\"wp-block-image\">\n<figure class=\"aligncenter size-large is-resized\"><img loading=\"lazy\" decoding=\"async\" width=\"576\" height=\"1024\" src=\"https:\/\/anton-bader.de\/wp-content\/uploads\/2025\/08\/PXL_20250803_0920121402-576x1024.jpg\" alt=\"\" class=\"wp-image-385\" style=\"width:349px;height:auto\" srcset=\"https:\/\/anton-bader.de\/wp\/wp-content\/uploads\/2025\/08\/PXL_20250803_0920121402-576x1024.jpg 576w, https:\/\/anton-bader.de\/wp\/wp-content\/uploads\/2025\/08\/PXL_20250803_0920121402-169x300.jpg 169w, https:\/\/anton-bader.de\/wp\/wp-content\/uploads\/2025\/08\/PXL_20250803_0920121402-768x1365.jpg 768w, https:\/\/anton-bader.de\/wp\/wp-content\/uploads\/2025\/08\/PXL_20250803_0920121402-864x1536.jpg 864w, https:\/\/anton-bader.de\/wp\/wp-content\/uploads\/2025\/08\/PXL_20250803_0920121402-1152x2048.jpg 1152w, https:\/\/anton-bader.de\/wp\/wp-content\/uploads\/2025\/08\/PXL_20250803_0920121402-608x1080.jpg 608w, https:\/\/anton-bader.de\/wp\/wp-content\/uploads\/2025\/08\/PXL_20250803_0920121402-scaled.jpg 1440w\" sizes=\"(max-width: 576px) 100vw, 576px\" \/><\/figure>\n<\/div>","protected":false},"excerpt":{"rendered":"<p>Das Eselsburger Tal im Herzen der Schw\u00e4bischen Alb ist ein wahres Naturparadies \u2013 und wer es nicht nur zu Fu\u00df oder mit dem Fahrrad, sondern vom Wasser aus erleben m\u00f6chte, entdeckt eine v\u00f6llig neue Perspektive. Eine Kanutour auf der Brenz, die sich hier mal ruhig, mal lebendig durch die&hellip;<\/p>\n","protected":false},"author":1,"featured_media":382,"comment_status":"open","ping_status":"open","sticky":false,"template":"","format":"standard","meta":{"saved_in_kubio":false,"footnotes":""},"categories":[1],"tags":[69,68,67],"class_list":["post-381","post","type-post","status-publish","format-standard","has-post-thumbnail","hentry","category-allgemein","tag-brenz","tag-eselsburger-tal","tag-kanu"],"_links":{"self":[{"href":"https:\/\/anton-bader.de\/wp\/wp-json\/wp\/v2\/posts\/381","targetHints":{"allow":["GET"]}}],"collection":[{"href":"https:\/\/anton-bader.de\/wp\/wp-json\/wp\/v2\/posts"}],"about":[{"href":"https:\/\/anton-bader.de\/wp\/wp-json\/wp\/v2\/types\/post"}],"author":[{"embeddable":true,"href":"https:\/\/anton-bader.de\/wp\/wp-json\/wp\/v2\/users\/1"}],"replies":[{"embeddable":true,"href":"https:\/\/anton-bader.de\/wp\/wp-json\/wp\/v2\/comments?post=381"}],"version-history":[{"count":1,"href":"https:\/\/anton-bader.de\/wp\/wp-json\/wp\/v2\/posts\/381\/revisions"}],"predecessor-version":[{"id":387,"href":"https:\/\/anton-bader.de\/wp\/wp-json\/wp\/v2\/posts\/381\/revisions\/387"}],"wp:featuredmedia":[{"embeddable":true,"href":"https:\/\/anton-bader.de\/wp\/wp-json\/wp\/v2\/media\/382"}],"wp:attachment":[{"href":"https:\/\/anton-bader.de\/wp\/wp-json\/wp\/v2\/media?parent=381"}],"wp:term":[{"taxonomy":"category","embeddable":true,"href":"https:\/\/anton-bader.de\/wp\/wp-json\/wp\/v2\/categories?post=381"},{"taxonomy":"post_tag","embeddable":true,"href":"https:\/\/anton-bader.de\/wp\/wp-json\/wp\/v2\/tags?post=381"}],"curies":[{"name":"wp","href":"https:\/\/api.w.org\/{rel}","templated":true}]}}